
{"id":1146,"date":"2022-12-29T12:46:43","date_gmt":"2022-12-29T11:46:43","guid":{"rendered":"https:\/\/przedszkole77.edu.wroclaw.pl\/?p=1146"},"modified":"2022-12-29T12:46:43","modified_gmt":"2022-12-29T11:46:43","slug":"moc-slow","status":"publish","type":"post","link":"https:\/\/przedszkole77.edu.wroclaw.pl\/index.php\/2022\/12\/29\/moc-slow\/","title":{"rendered":"Moc s\u0142\u00f3w"},"content":{"rendered":"<p><strong>BLOG O RODZICIELSTWIE BLISKO\u015aCI, POROZUMIENIU BEZ PRZEMOCY I NATURALNYM ROZWOJU DZIECKA Z NAUKOWEJ PERSPEKTYWY \u2013 Magdalena Bo\u0107ko-Mysiorska-blog<\/strong><\/p>\n<p>\u201eMoc s\u0142\u00f3w\u201d \u2013 dla ka\u017cdego, kto chcia\u0142by uczy\u0107 si\u0119 empatycznej komunikacji z dzieckiem i doros\u0142ym.<\/p>\n<p>Rodzicielstwo blisko\u015bci i porozumienie bez przemocy.<\/p>\n<p>na podstawie jw.:<\/p>\n<p>Wymaganie od dzieci, aby by\u0142y grzeczne (najcz\u0119\u015bciej nie wyra\u017ca\u0142y swoich emocji i nie p\u0142aka\u0142y, ale robi\u0142y to, co si\u0119 im ka\u017ce\u2026), powoduje, \u017ce dzieci si\u0119 blokuj\u0105 i ucz\u0105 si\u0119 dopasowywa\u0107 do oczekiwa\u0144 innych, kosztem siebie. Mog\u0105 w\u00f3wczas cierpie\u0107 na niskie poczucie warto\u015bci oraz zaburzenia natury fizycznej i psychicznej.<\/p>\n<p>Dlatego warto uczy\u0107 si\u0119 m\u00f3wi\u0107 do dzieci w taki spos\u00f3b, aby je wspiera\u0107 , a nie je krzywdzi\u0107.<\/p>\n<p>Je\u015bli nawykowo zdarza Wam si\u0119 m\u00f3wi\u0107 do dziecka: \u201e grzeczny, grzeczna\u201d, lub kto\u015b inny z Waszego otoczenia u\u017cywa takiego okre\u015blenia, mo\u017cecie je dziecku wyja\u015bni\u0107 i zast\u0105pi\u0107 je komunikatami, kt\u00f3re wzmacnia dziecko na ka\u017cdym etapie jego rozwoju.<\/p>\n<p>ZAMIAST:<\/p>\n<p>\u201eB\u0105d\u017a grzeczny i powiedz \u0142adnie dzie\u0144 dobry!\u201d<\/p>\n<p>Warto: \u201eMo\u017cesz powiedzie\u0107 dzie\u0144 dobry, kiedy spotkamy si\u0119 z pani\u0105 doktor. Ja tez tak zrobi\u0119\u201d.<\/p>\n<p>ZAMIAST:<\/p>\n<p>\u201eNo ju\u017c, przesta\u0144! Grzeczne dzieci nie p\u0142acz\u0105.\u201d<\/p>\n<p>Warto: \u201eUpad\u0142e\u015b i ci\u0119 zabola\u0142o, co? Mo\u017ce si\u0119 te\u017c przestraszy\u0142e\u015b? To nic przyjemnego. Nie dziwi\u0119 ci si\u0119, \u017ce p\u0142aczesz.\u201d<\/p>\n<p>ZAMIAST:<\/p>\n<p>\u201eJeste\u015b niegrzeczny i bardzo brzydko si\u0119 zachowujesz.\u201d<\/p>\n<p>WARTO: \u201e\u00a0 Nie zgadzam si\u0119, \u017ceby\u015b zabiera\u0142 Julce zabawki i nimi rzuca\u0142. Nast\u0119pnym razem \u015bci\u015bnij mocno poduszk\u0119 albo wykrzycz swoj\u0105 z\u0142o\u015b\u0107. Np.: \u201eaaa!\u201d.<\/p>\n<p>ZAMIAST:<\/p>\n<p>\u201eKupi\u0119 ci zabawk\u0119, je\u015bli b\u0119dziesz grzeczna.\u201d<\/p>\n<p>WARTO:<\/p>\n<p>\u201eNajpierw zrobimy zakupy z listy, a p\u00f3\u017aniwj obejrzymy razem zabawki. Mo\u017ce znajdziemy co\u015b, co b\u0119d\u0119 mog\u0142a ci kupi\u0107.\u201d<\/p>\n<p>ZAMIAST:<\/p>\n<p>\u201eFranek by\u0142 dzisiaj bardzo niegrzeczny i zepsu\u0142 nam zaj\u0119cia.\u201d<\/p>\n<p>WARTO:<\/p>\n<p>\u201eChc\u0119 Pani powiedzie\u0107, \u017ce Franek by\u0142 dzi\u015b wyj\u0105tkowo ruchliwy i g\u0142o\u015bny? Zastanawiam si\u0119, czego m\u00f3g\u0142 potrzebowa\u0107. Mo\u017ce uwago? Jak pani my\u015bli?<\/p>\n<p>&nbsp;<\/p>\n","protected":false},"excerpt":{"rendered":"<p>BLOG O RODZICIELSTWIE BLISKO\u015aCI, POROZUMIENIU BEZ PRZEMOCY I NATURALNYM ROZWOJU DZIECKA Z NAUKOWEJ PERSPEKTYWY \u2013 Magdalena Bo\u0107ko-Mysiorska-blog \u201eMoc s\u0142\u00f3w\u201d \u2013 dla ka\u017cdego, kto chcia\u0142by uczy\u0107 si\u0119 empatycznej komunikacji z dzieckiem [&hellip;]<\/p>\n","protected":false},"author":312,"featured_media":0,"comment_status":"open","ping_status":"open","sticky":false,"template":"","format":"standard","meta":{"footnotes":""},"categories":[8],"tags":[],"class_list":["post-1146","post","type-post","status-publish","format-standard","hentry","category-artykuly","clearfix"],"_links":{"self":[{"href":"https:\/\/przedszkole77.edu.wroclaw.pl\/index.php\/wp-json\/wp\/v2\/posts\/1146","targetHints":{"allow":["GET"]}}],"collection":[{"href":"https:\/\/przedszkole77.edu.wroclaw.pl\/index.php\/wp-json\/wp\/v2\/posts"}],"about":[{"href":"https:\/\/przedszkole77.edu.wroclaw.pl\/index.php\/wp-json\/wp\/v2\/types\/post"}],"author":[{"embeddable":true,"href":"https:\/\/przedszkole77.edu.wroclaw.pl\/index.php\/wp-json\/wp\/v2\/users\/312"}],"replies":[{"embeddable":true,"href":"https:\/\/przedszkole77.edu.wroclaw.pl\/index.php\/wp-json\/wp\/v2\/comments?post=1146"}],"version-history":[{"count":1,"href":"https:\/\/przedszkole77.edu.wroclaw.pl\/index.php\/wp-json\/wp\/v2\/posts\/1146\/revisions"}],"predecessor-version":[{"id":1147,"href":"https:\/\/przedszkole77.edu.wroclaw.pl\/index.php\/wp-json\/wp\/v2\/posts\/1146\/revisions\/1147"}],"wp:attachment":[{"href":"https:\/\/przedszkole77.edu.wroclaw.pl\/index.php\/wp-json\/wp\/v2\/media?parent=1146"}],"wp:term":[{"taxonomy":"category","embeddable":true,"href":"https:\/\/przedszkole77.edu.wroclaw.pl\/index.php\/wp-json\/wp\/v2\/categories?post=1146"},{"taxonomy":"post_tag","embeddable":true,"href":"https:\/\/przedszkole77.edu.wroclaw.pl\/index.php\/wp-json\/wp\/v2\/tags?post=1146"}],"curies":[{"name":"wp","href":"https:\/\/api.w.org\/{rel}","templated":true}]}}